{"id":2976,"date":"2026-04-29T09:58:50","date_gmt":"2026-04-29T07:58:50","guid":{"rendered":"https:\/\/www.la-impressio.com\/?p=2976"},"modified":"2026-04-29T10:26:46","modified_gmt":"2026-04-29T08:26:46","slug":"photo-rag-308-g-de-hahnemuhle","status":"publish","type":"post","link":"https:\/\/www.la-impressio.com\/es\/photo-rag-308-g-de-hahnemuhle\/","title":{"rendered":"Photo Rag 308 g de Hahnem\u00fchle"},"content":{"rendered":"<p>Avui volem parlar d\u2019un dels papers m\u00e9s reconeguts dins la impressi\u00f3 Fine Art: el <strong>Hahnem\u00fchle Photo Rag 308 g<\/strong>. Un cl\u00e0ssic absolut de la gamma Photo Rag que s\u2019ha convertit en est\u00e0ndard per a fot\u00f2grafs i artistes que busquen una reproducci\u00f3 fidel i una est\u00e8tica atemporal.<\/p>\n<p>Abans d\u2019entrar en detall, conv\u00e9 entendre qu\u00e8 defineix un paper com aquest:<\/p>\n<p>Un paper Fine Art de cot\u00f3 es caracteritza per:<br \/>\n\u2022 Una base 100% cot\u00f3 (rag), sense lignina<br \/>\n\u2022 Abs\u00e8ncia d\u2019\u00e0cids \u2192 major conservaci\u00f3<br \/>\n\u2022 Alta estabilitat crom\u00e0tica<br \/>\n\u2022 Una superf\u00edcie pensada per a reproducci\u00f3 art\u00edstica exigent<\/p>\n<p>Aix\u00f2 el diferencia clarament dels papers fotogr\u00e0fics convencionals.<\/p>\n<p><strong>Paper Fine Art Hahnem\u00fchle Photo Rag 308 g<\/strong><\/p>\n<p>El Photo Rag 308 g \u00e9s probablement el paper mat m\u00e9s ic\u00f2nic de Hahnem\u00fchle. La seva superf\u00edcie lleugerament texturitzada i el seu blanc natural el converteixen en una opci\u00f3 extremadament vers\u00e0til per a fotografia i obra gr\u00e0fica.<\/p>\n<p><img decoding=\"async\" class=\"alignnone size-medium wp-image-2980\" src=\"https:\/\/www.la-impressio.com\/wp-content\/uploads\/2026\/04\/csm_Hahnemuehle_Photo_Rag_308g_Closeup_1bcb424fc8-300x155.jpg\" alt=\"\" width=\"300\" height=\"155\" srcset=\"https:\/\/www.la-impressio.com\/wp-content\/uploads\/2026\/04\/csm_Hahnemuehle_Photo_Rag_308g_Closeup_1bcb424fc8-300x155.jpg 300w, https:\/\/www.la-impressio.com\/wp-content\/uploads\/2026\/04\/csm_Hahnemuehle_Photo_Rag_308g_Closeup_1bcb424fc8-1024x530.jpg 1024w, https:\/\/www.la-impressio.com\/wp-content\/uploads\/2026\/04\/csm_Hahnemuehle_Photo_Rag_308g_Closeup_1bcb424fc8-768x398.jpg 768w, https:\/\/www.la-impressio.com\/wp-content\/uploads\/2026\/04\/csm_Hahnemuehle_Photo_Rag_308g_Closeup_1bcb424fc8-1536x796.jpg 1536w, https:\/\/www.la-impressio.com\/wp-content\/uploads\/2026\/04\/csm_Hahnemuehle_Photo_Rag_308g_Closeup_1bcb424fc8-18x9.jpg 18w, https:\/\/www.la-impressio.com\/wp-content\/uploads\/2026\/04\/csm_Hahnemuehle_Photo_Rag_308g_Closeup_1bcb424fc8.jpg 2000w\" sizes=\"(max-width: 300px) 100vw, 300px\" \/><\/p>\n<p><strong>Caracter\u00edsticas principales:<\/strong><\/p>\n<ul>\n<li>Acabat: Mat, lleugerament texturitzat<br \/>\n\u2022 Composici\u00f3: 100 % cot\u00f3<br \/>\n\u2022 Gramatge: 308 g\/m\u00b2<br \/>\n\u2022 Blanc: Blanc natural, sense agents blanquejadors \u00f2ptics (OBA)<br \/>\n\u2022 Compatibilitat: Tintes pigmentades inkjet<br \/>\n\u2022 Conservaci\u00f3: Conforme amb la norma ISO 9706 (qualitat museu)<\/li>\n<\/ul>\n<p><strong>Rendiment i est\u00e8tica<\/strong><\/p>\n<p>El que fa especial aquest paper no \u00e9s nom\u00e9s la seva composici\u00f3, sin\u00f3 com interpreta la imatge:<\/p>\n<ul>\n<li>Negres profunds per\u00f2 suaus, sense exc\u00e9s de contrast<br \/>\n\u2022 Colors naturals i equilibrats (no artificials)<br \/>\n\u2022 Transicions tonals molt fines, ideals per degradats i pell<br \/>\n\u2022 Textura subtil que aporta dimensi\u00f3 sense interferir en el detall<\/li>\n<\/ul>\n<p>\ud83d\udc49 El resultat \u00e9s una imatge amb una pres\u00e8ncia molt org\u00e0nica, gaireb\u00e9 \u201ctangible\u201d.<\/p>\n<p><strong>Quan utilitzar-lo?<\/strong><\/p>\n<p>El Photo Rag 308 g funciona especialment b\u00e9 en:<\/p>\n<ul>\n<li>Fotografia art\u00edstica i d\u2019autor<br \/>\n\u2022 Retrat (per la suavitat tonal)<br \/>\n\u2022 Blanc i negre (excel\u00b7lent separaci\u00f3 de grisos)<br \/>\n\u2022 Il\u00b7lustraci\u00f3 i obra gr\u00e0fica<\/li>\n<\/ul>\n<p>No \u00e9s el paper m\u00e9s contrastat ni el m\u00e9s impactant \u2014 per\u00f2 s\u00ed un dels m\u00e9s <strong>fidels i elegants<\/strong>.<\/p>\n<p>&nbsp;<\/p>\n<p><strong>Comparativa conceptual<\/strong><\/p>\n<p>Dins del mateix univers Fine Art:<\/p>\n<ul>\n<li>Papers brillants o baritats \u2192 m\u00e9s impacte, m\u00e9s contrast<\/li>\n<li>Photo Rag 308 g \u2192 m\u00e9s subtilesa, m\u00e9s interpretaci\u00f3 art\u00edstica<\/li>\n<\/ul>\n<p>\ud83d\udc49 \u00c9s una decisi\u00f3 est\u00e8tica, no t\u00e8cnica.<\/p>\n<p><strong>Conclusi\u00f3<\/strong><\/p>\n<p>El <strong>Hahnem\u00fchle Photo Rag 308 g<\/strong> no busca impressionar a primera vista, sin\u00f3 construir una imatge que guanya amb el temps.<\/p>\n<p>\u2714\ufe0f Acabat mat elegant<br \/>\n\u2714\ufe0f Textura natural molt equilibrada<br \/>\n\u2714\ufe0f Fidelitat crom\u00e0tica excel\u00b7lent<br \/>\n\u2714\ufe0f Qualitat museu<\/p>\n<p>\u00c9s un paper pensat per a qui ent\u00e9n la impressi\u00f3 com una extensi\u00f3 de l\u2019obra, no nom\u00e9s com una reproducci\u00f3.<\/p>\n<p>Si el que busques \u00e9s una imatge amb car\u00e0cter, profunditat i una est\u00e8tica atemporal, aquest paper continua sent una de les millors eleccions dins del m\u00f3n Fine Ar<\/p>\n<p>&nbsp;<\/p>","protected":false},"excerpt":{"rendered":"<p>Avui volem parlar d\u2019un dels papers m\u00e9s reconeguts dins la impressi\u00f3 Fine Art: el Hahnem\u00fchle Photo Rag 308 g. Un cl\u00e0ssic absolut de la gamma Photo Rag que s\u2019ha convertit en est\u00e0ndard per a fot\u00f2grafs i artistes que busquen una reproducci\u00f3 fidel i una est\u00e8tica atemporal. Abans d\u2019entrar en detall, conv\u00e9 entendre qu\u00e8 defineix un [&hellip;]<\/p>","protected":false},"author":1,"featured_media":2977,"comment_status":"open","ping_status":"open","sticky":false,"template":"","format":"standard","meta":{"footnotes":""},"categories":[35,1],"tags":[57],"class_list":["post-2976","post","type-post","status-publish","format-standard","has-post-thumbnail","hentry","category-entrades-de-blog","category-uncategorized","tag-hahnemuhle-photo-rag-308-g"],"_links":{"self":[{"href":"https:\/\/www.la-impressio.com\/es\/wp-json\/wp\/v2\/posts\/2976","targetHints":{"allow":["GET"]}}],"collection":[{"href":"https:\/\/www.la-impressio.com\/es\/wp-json\/wp\/v2\/posts"}],"about":[{"href":"https:\/\/www.la-impressio.com\/es\/wp-json\/wp\/v2\/types\/post"}],"author":[{"embeddable":true,"href":"https:\/\/www.la-impressio.com\/es\/wp-json\/wp\/v2\/users\/1"}],"replies":[{"embeddable":true,"href":"https:\/\/www.la-impressio.com\/es\/wp-json\/wp\/v2\/comments?post=2976"}],"version-history":[{"count":3,"href":"https:\/\/www.la-impressio.com\/es\/wp-json\/wp\/v2\/posts\/2976\/revisions"}],"predecessor-version":[{"id":2982,"href":"https:\/\/www.la-impressio.com\/es\/wp-json\/wp\/v2\/posts\/2976\/revisions\/2982"}],"wp:featuredmedia":[{"embeddable":true,"href":"https:\/\/www.la-impressio.com\/es\/wp-json\/wp\/v2\/media\/2977"}],"wp:attachment":[{"href":"https:\/\/www.la-impressio.com\/es\/wp-json\/wp\/v2\/media?parent=2976"}],"wp:term":[{"taxonomy":"category","embeddable":true,"href":"https:\/\/www.la-impressio.com\/es\/wp-json\/wp\/v2\/categories?post=2976"},{"taxonomy":"post_tag","embeddable":true,"href":"https:\/\/www.la-impressio.com\/es\/wp-json\/wp\/v2\/tags?post=2976"}],"curies":[{"name":"wp","href":"https:\/\/api.w.org\/{rel}","templated":true}]}}